{"id":1920,"date":"2020-09-23T13:00:28","date_gmt":"2020-09-23T11:00:28","guid":{"rendered":"http:\/\/icicestcool.org\/?p=1920"},"modified":"2020-09-23T13:00:28","modified_gmt":"2020-09-23T11:00:28","slug":"avec-act-right-la-lutte-contre-les-violences-ne-sarrete-pas-aux-milieux-festifs-2","status":"publish","type":"post","link":"https:\/\/icicestcool.org\/index.php\/2020\/09\/23\/avec-act-right-la-lutte-contre-les-violences-ne-sarrete-pas-aux-milieux-festifs-2\/","title":{"rendered":"Avec Act Right, la lutte contre les violences ne s\u2019arr\u00eate pas aux milieux festifs !"},"content":{"rendered":"\n<p class=\"intro\"><em>\u00ab Nous souhaitons \u00e0 terme en faire un label de qualit\u00e9 en proposant des solutions concr\u00e8tes \u00e0 tous les professionnels sur les questions de s\u00e9curit\u00e9, d\u2019inclusion, de r\u00e9duction des risques et d\u2019\u00e9cologie et que chaque ann\u00e9e ils rajoutent une des propositions que leur faisons<\/em> \u00bb<\/p>\n\n\n\n<p class=\"has-text-align-right\">Marion Delpech &#8211; (Act right)<\/p>\n\n\n\n<!--more-->\n\n\n\n<hr class=\"wp-block-separator\"\/>\n\n\n\n<p><strong>Cindie le Disez&nbsp;et Marion Delpech <\/strong>travaillent toutes les deux dans le milieu des musiques \u00e9lectroniques et pour Technopol. Ensemble, elles viennent de fonder l\u2019association Act Right, qui a vocation \u00e0 devenir un v\u00e9ritable label. Rencontre.<\/p>\n\n\n\n<figure class=\"wp-block-image size-large\"><img loading=\"lazy\" width=\"1024\" height=\"683\" src=\"https:\/\/icicestcool.org\/wp-content\/uploads\/2020\/09\/Marion-Delpech-Act-Right_copyright-Jacob-Khrist-1024x683.jpg\" alt=\"\" class=\"wp-image-1898\" srcset=\"https:\/\/icicestcool.org\/wp-content\/uploads\/2020\/09\/Marion-Delpech-Act-Right_copyright-Jacob-Khrist-1024x683.jpg 1024w, https:\/\/icicestcool.org\/wp-content\/uploads\/2020\/09\/Marion-Delpech-Act-Right_copyright-Jacob-Khrist-300x200.jpg 300w, https:\/\/icicestcool.org\/wp-content\/uploads\/2020\/09\/Marion-Delpech-Act-Right_copyright-Jacob-Khrist-768x512.jpg 768w, https:\/\/icicestcool.org\/wp-content\/uploads\/2020\/09\/Marion-Delpech-Act-Right_copyright-Jacob-Khrist-400x267.jpg 400w, https:\/\/icicestcool.org\/wp-content\/uploads\/2020\/09\/Marion-Delpech-Act-Right_copyright-Jacob-Khrist.jpg 1200w\" sizes=\"(max-width: 1024px) 100vw, 1024px\" \/><\/figure>\n\n\n\n<p><strong>Bonjour, pouvez-vous commencer par vous pr\u00e9senter ?<\/strong><\/p>\n\n\n\n<p><strong>Marion&nbsp;:<\/strong> Je m\u2019appelle Marion et j\u2019ai 29 ans. \u00c0 la base, j\u2019ai mont\u00e9 le collectif <a href=\"https:\/\/www.facebook.com\/PWForMusic\/\">PWFM<\/a> qui organise des soir\u00e9es \u00e9lectroniques, principalement sur Paris, et \u00e9galement un media. Je fais \u00e9galement partie de <a href=\"http:\/\/www.technopol.net\/\">Technopol<\/a>, l\u2019asso qui d\u00e9fend les cultures \u00e9lectroniques avec des \u00e9v\u00e9nements comme <a href=\"http:\/\/www.technoparade.fr\/\">La Techno Parade<\/a> et <a href=\"https:\/\/www.pariselectronicweek.fr\/\">La Paris Electronic Week<\/a>. Et je travaille beaucoup sur la question de la place des femmes avec deux projets&nbsp;: <a href=\"https:\/\/www.facebook.com\/provocativewomenformusic\/\">Provocative Women For Music<\/a>, avec des conf\u00e9rences et de la sororit\u00e9, et <a href=\"http:\/\/des-colerees.fr\/\">Des Col\u00e9r\u00e9es<\/a> qui vise \u00e0 recr\u00e9er du lien entre les femmes dans la culture en g\u00e9n\u00e9ral, suivant le constat que nous sommes souvent \u00e9parpill\u00e9es \u00e0 droite \u00e0 gauche avec pourtant les m\u00eames probl\u00e9matiques et qu\u2019il est \u00e9trange de ne pas converger avec des gens d\u2019autres milieux.<\/p>\n\n\n\n<p><strong>Cindie&nbsp;:<\/strong> Je m\u2019appelle Cindie et j\u2019ai 38 ans. J\u2019ai co-fond\u00e9 l\u2019agence de booking et de management <a href=\"http:\/\/www.amsbooking.fr\/\">AMS Booking<\/a>. Je fais \u00e9galement partie de Technopol avec Marion et co-fondatrice de <a href=\"http:\/\/actright.best\/\">Act Right<\/a> avec elle.<\/p>\n\n\n\n<p><strong><strong>Quand Act Right a-t-elle \u00e9t\u00e9 fond\u00e9e et comment vous est venue l\u2019id\u00e9e de monter cette asso&nbsp;?<\/strong><\/strong><\/p>\n\n\n\n<p><strong>Marion&nbsp;: <\/strong>Cindie et moi nous sommes rencontr\u00e9es en septembre 2019. Comme j\u2019organise pas mal de soir\u00e9es, je commen\u00e7ais \u00e0 travailler sur la s\u00e9curit\u00e9 c\u00f4t\u00e9 public. Cindie de son c\u00f4t\u00e9 se posait pas mal de questions car elle avait rencontr\u00e9 des probl\u00e8mes pour la s\u00e9curit\u00e9 de ses artistes. Nous avions envie d\u2019\u00eatre pro-actives plut\u00f4t que de nous contenter d\u2019afficher quelques r\u00e8gles de bonne conduite que personne n\u2019applique. En commen\u00e7ant \u00e0 en parler, nous nous \u00e9tions dit que les premiers axes \u00e0 revoir \u00e9taient notamment le personnel accueillant &#8211; les membres de la s\u00e9curit\u00e9 sont souvent pas ou mal form\u00e9s pour recevoir du public majoritairement alcoolis\u00e9 -, et la formation des \u00e9quipes organisatrices, qui ne savent pas non plus g\u00e9rer les probl\u00e8mes d\u2019agressions. Une question en amenant une autre, le projet s\u2019est \u00e9tendu. D\u00e8s le d\u00e9part, nous souhaitions aborder les questions de minorit\u00e9s, de parit\u00e9 et d\u2019inclusion, auxquelles se sont ajout\u00e9es les questions d\u2019intersectionnalit\u00e9 <em>(concept visant \u00e0 r\u00e9v\u00e9ler la pluralit\u00e9 des discriminations de classe, de sexe et de race)<\/em>, d\u2019\u00e9cologie et de r\u00e9duction des risques qui en fait se rejoignent toutes. C\u2019est ainsi qu\u2019Act Right est devenu un projet un peu plus large. Nous souhaitons \u00e0 terme en faire un label de qualit\u00e9 en proposant des solutions concr\u00e8tes \u00e0 tous les professionnels sur les questions de s\u00e9curit\u00e9, d\u2019inclusion, de r\u00e9duction des risques et d\u2019\u00e9cologie et que chaque ann\u00e9e ils rajoutent une des propositions que leur faisons. Nous leur mettons toutes les informations \u00e0 disposition afin qu\u2019ils n\u2019aient plus de raison de dire \u00ab&nbsp;Je ne peux pas le faire car c\u2019est trop compliqu\u00e9. Je ne sais pas comment faire&nbsp;\u00bb.<\/p>\n\n\n\n<p><strong>Cindie&nbsp;: <\/strong>Nous avons commenc\u00e9 \u00e0 travailler sur le sujet en septembre 2019 et nous avons mont\u00e9 la structure \u00e0 l\u2019\u00e9t\u00e9 2020. Nous sommes toutes les deux parisiennes, mais entre Marion et moi, nous travaillons quasiment avec tous les professionnels de la musique \u00e9lectronique sur le territoire. L\u2019id\u00e9e est de commencer en touchant toutes les personnes avec lesquelles nous travaillons nationalement, mais ce projet a ensuite vocation \u00e0 \u00eatre port\u00e9 \u00e0 l\u2019international, surtout en Europe dans un premier temps.<\/p>\n\n\n\n<p><strong><strong>En quoi l\u2019\u00e9cologie fait partie du projet&nbsp;?<\/strong><\/strong><\/p>\n\n\n\n<p><strong>Cindie&nbsp;:<\/strong> Nous travaillons sur des mesures de d\u00e9veloppement durable. Nous proposons des solutions comme le z\u00e9ro plastique \u00e0 usage unique, des groupes \u00e9lectrog\u00e8nes qui fonctionnent \u00e0 l\u2019\u00e9nergie solaire. Nous d\u00e9cryptons aussi <a href=\"https:\/\/www.iso.org\/fr\/iso-20121-sustainable-events.html\">la norme ISO 20121<\/a> et <a href=\"http:\/\/www.agenda21culture.net\/fr\">l\u2019agenda 21 de la culture<\/a> qui sont tr\u00e8s compliqu\u00e9s en mettre en place. L\u2019id\u00e9e est de faire une simplification pour tous les professionnels&nbsp;avec par exemples comment r\u00e9duire son empreinte carbone, travailler avec les producteurs locaux, r\u00e9colter des fonds \u00e0 reverser \u00e0 une association\u2026<\/p>\n\n\n\n<p><strong><strong>Combien \u00eates-vous \u00e0 travailler chez Act Right&nbsp;?<\/strong><\/strong><\/p>\n\n\n\n<p><strong>Cindie&nbsp;: <\/strong>L\u2019association, c\u2019est nous deux&nbsp;! Mais nous travaillons avec d\u2019autres personnes pour mutualiser les savoirs et les comp\u00e9tences des acteurs qui sont d\u00e9j\u00e0 sur le terrain. Sur la question de la formation du personnel encadrant, nous travaillons avec <a href=\"http:\/\/consentis.info\/\">Consentis<\/a> qui r\u00e9alise une demi-journ\u00e9e de formation par structure, renouvelable tous les ans pour le nouvel personnel, entre 1500\u20ac pour les plus grosses structures et des tarifs solidaires pour les plus petites. Nous travaillons \u00e9galement avec une avocate qui s\u2019est charg\u00e9e de faire le manifeste reprenant tous les points n\u00e9cessaires pour obtenir le label&nbsp;: avoir fait suivre la formation, embaucher du personnel ayant suivi la formation et rajouter tous les ans une mesure \u00e9cologique et une mesure de r\u00e9duction des risques\u2026 Elle s\u2019est aussi occup\u00e9 des contrats et prend part \u00e0 tous les d\u00e9bats sur l\u2019application que nous sommes en train de cr\u00e9er. En effet, un gentil d\u00e9veloppeur s\u2019est propos\u00e9 pour nous cr\u00e9er une application gratuitement&nbsp;! Nous sommes donc une petite \u00e9quipe de six personnes qui travaillent sur le projet de l\u2019appli. Sur notre campagne d\u2019affichage, nous avons \u00e9galement une petite \u00e9quipe de six b\u00e9n\u00e9voles qui travaille avec nous.<\/p>\n\n\n\n<p><strong><strong>Vous avez lanc\u00e9 votre site. Une appli et une campagne sont donc \u00e9galement \u00e0 venir&nbsp;?<\/strong><\/strong><\/p>\n\n\n\n<p><strong>Marion&nbsp;: <\/strong>L\u2019appli devrait arriver \u00e0 l\u2019automne. La campagne arrivera quant \u00e0 elle d\u2019ici fin septembre. Nous aimerions faire de l\u2019affichage dans la rue, car m\u00eame si les clubs sont ferm\u00e9s pour le moment, il y a des f\u00eates organis\u00e9es et cela n\u2019enl\u00e8ve pas la n\u00e9cessit\u00e9 de communiquer sur ces sujets. La campagne \u00e9tant en cours de cr\u00e9ation, je ne peux pas encore vous en dire plus\u2026 Elle parlera \u00e9videmment de tout ce qui concerne les agressions. L\u2019id\u00e9e est de ne pas bl\u00e2mer les gens, mais de faire quelque chose de p\u00e9dagogique, joli et constructif.<\/p>\n\n\n\n<p><strong>Cindie&nbsp;: <\/strong>Nous souhaitons en effet faire une campagne nationale responsabilisante et non culpabilisante. Nous voulons uniformiser le message pour avoir la m\u00eame communication \u00e0 Lille, Lyon ou Marseille. Nous faisons tout un protocole d\u2019action pour la mettre \u00e0 disposition des professionnels et qu\u2019ils l\u2019affichent dans des endroits visibles de leurs lieux&nbsp;: \u00e0 l\u2019entr\u00e9e, aux vestiaires, dans les toilettes\u2026 Pour plus d\u2019impact, nous voudrions que tous les lieux festifs affichent le m\u00eame message.<\/p>\n\n\n\n<p><strong><strong>L\u2019asso travaille-t-elle en auto-financement ou avec des subventions&nbsp;?<\/strong><\/strong><\/p>\n\n\n\n<p><strong>Cindie&nbsp;: <\/strong>Pour le moment, nous sommes uniquement en auto-financement et ce n\u2019est que du travail b\u00e9n\u00e9vole, mais nous avons effectivement l\u2019id\u00e9e d\u2019aller chercher des financements. Nous nous d\u00e9brouillons actuellement avec les moyens du bord, nos connaissances et les gens qui ont envie de s\u2019impliquer dans le projet\u2026 Et cela fonctionne plut\u00f4t pas mal&nbsp;!<\/p>\n\n\n\n<p><strong><strong>Vous avez l\u2019id\u00e9e de cr\u00e9er une hotline, pouvez-vous nous expliquer cela&nbsp;?<\/strong><\/strong><\/p>\n\n\n\n<p><strong>Cindie&nbsp;:<\/strong> Pour cela, nous allons nous rapprocher du <a href=\"https:\/\/cfcv.asso.fr\/\">CFCV<\/a>. L\u2019id\u00e9e est que la ligne du 3919 soit ouverte la nuit et le week-end, puisque la majorit\u00e9 des agressions ont lieu \u00e0 ces moments-l\u00e0. \u00c0 l\u2019heure actuelle, les victimes n\u2019ont pas tout de suite un num\u00e9ro \u00e0 appeler car ce num\u00e9ro ne fonctionne pas la nuit. Or nous constatons que quand elles n\u2019agissent pas tout de suite, les victimes ont tendance \u00e0 ne rien faire ensuite. Nous pensons qu\u2019il serait int\u00e9ressant d\u2019utiliser un num\u00e9ro d\u00e9j\u00e0 identifi\u00e9 et qui fonctionne tr\u00e8s bien et d\u2019arriver \u00e0 le mutualiser pour la nuit. L\u2019avocate avec laquelle nous travaillons est en train de monter <a href=\"https:\/\/france-fraternites.org\/sandrine-bonnaire-lance-la-maison-des-ames-un-lieu-pour-les-femmes-victimes-de-violences\/\">La Maison des \u00c2mes<\/a> avec Sandrine Bonnaire. Il s\u2019agit d\u2019un lieu destin\u00e9 \u00e0 aider les femmes victimes de violences, un lieu d\u2019accueil pour les aider \u00e0 repartir dans la vie. Elle aussi est int\u00e9ress\u00e9e par l\u2019id\u00e9e de monter une hotline et nous nous sommes dit que ce serait judicieux de mutualiser pour cr\u00e9er quelque chose sur de l\u2019existant.<\/p>\n\n\n\n<p><strong><strong>Votre volont\u00e9 est donc que Act Right d\u00e9passe les milieux festifs&nbsp;?<\/strong><\/strong><\/p>\n\n\n\n<p><strong>Cindie&nbsp;:<\/strong> Nous nous disons en effet que les mesures que nous mettons en place peuvent s\u2019adapter \u00e0 de nombreux autres milieux. De m\u00eame pour notre application, nous nous sommes rendu compte que c\u2019\u00e9tait bien de travailler sur la question du lieu, mais que la probl\u00e9matique concerne aussi moment o\u00f9 l\u2019on part de chez soi et le moment o\u00f9 l\u2019on rentre. La prise en compte du trajet est donc elle aussi essentielle. Sur le lieu, l\u2019application servira \u00e0 \u00eatre g\u00e9olocalis\u00e9.e et cette g\u00e9olocalisation sera directement transmise \u00e0 la s\u00e9curit\u00e9 et \u00e0 l\u2019organisation de la soir\u00e9e. Nous souhaitons que la vid\u00e9o et le son se mettent automatiquement en route quand l\u2019application est ouverte. Ainsi, en cas d\u2019agression, cela pourra permettre de recueillir des preuves pour la police. Mais nous r\u00e9fl\u00e9chissons aussi \u00e0 un syst\u00e8me sur le trajet avec une g\u00e9olocalisation o\u00f9 les gens autour pourraient recevoir une notification pour pouvoir venir en aide si la victime est dans un rayon de 150m. Cette fonctionnalit\u00e9 pourra servir dans de nombreux cas, et pas uniquement en soir\u00e9e.<\/p>\n\n\n\n<p><strong><strong>Vous \u00eates donc sur la protection des victimes en g\u00e9n\u00e9ral&nbsp;?<\/strong><\/strong><\/p>\n\n\n\n<p><strong>Cindie&nbsp;:<\/strong> Nous \u00e9tions \u00e0 la base parties sur la protection des femmes, mais nous avons rapidement fait le constat qu\u2019il n\u2019y a pas que les femmes qui se font agress\u00e9es. Dans notre milieu, le plus gros taux d\u2019agressions se fait dans les soir\u00e9es queer. Les agressions concernent tout le monde et nous avons donc la volont\u00e9 d\u2019int\u00e9grer aussi les hommes dans notre bataille car beaucoup se sentent concern\u00e9s et ont envie d\u2019agir. Nous partons du principe que le changement ne se fera que si tout le monde est impliqu\u00e9, les hommes comme les femmes.<\/p>\n\n\n\n<p><strong>Quels sont les futurs projets de Act Right&nbsp;?<\/strong><\/p>\n\n\n\n<p><strong>Cindie&nbsp;: <\/strong>Nous avons pris contact avec les trois plus gros VTC (Uber, Kaptain et Heetch) avec lesquels nous allons faire des groupes de travail pour imaginer des solutions pour que les trajets soient plus p\u00e9rennes. Sur la question de la formation individuelle de la s\u00e9curit\u00e9, nous souhaitons monter toute une \u00e9quipe pour r\u00e9pondre \u00e0 ce besoin sp\u00e9cifique qui pourra \u00eatre financ\u00e9 par l\u2019employeur. Sur la question de la r\u00e9duction des risques, nous travaillons avec Nuits Parall\u00e8les qui travaille avec M\u00e9decins du Monde sur la cr\u00e9ation d\u2019une plateforme digitale o\u00f9 tous les points de testing et de stands de pr\u00e9vention seront affich\u00e9s en temps r\u00e9el et o\u00f9 l\u2019on pourra retrouver tous les num\u00e9ros utiles. Enfin, pour le moment, notre site est un site vitrine mais nous allons prochainement cr\u00e9er un espace adh\u00e9rents o\u00f9 les professionnels pourront trouver toutes les solutions que nous allons proposer. Nous avions envie de proposer un projet global, la COVID a pour cela \u00e9t\u00e9 un mal pour un bien, car cela nous a donn\u00e9 plus de temps pour r\u00e9fl\u00e9chir. Encore une fois, notre id\u00e9e est vraiment de mutualiser et de relayer toutes les actions qui sont men\u00e9es par diff\u00e9rents acteurs, \u00e0 Paris et en r\u00e9gions. J\u2019ai l\u2019impression qu\u2019il y a eu une prise de conscience du public et des professionnels avec toutes les f\u00eates qui se sont d\u00e9roul\u00e9es sans organisations et o\u00f9 il y a eu de nombreux viols et agressions. Nous sommes plut\u00f4t confiantes pour la suite sur le fait que les choses changent enfin&nbsp;!<\/p>\n\n\n\n<p><strong>Et que pensez-vous de la campagne de pr\u00e9vention mise en place par \u00ab&nbsp;Ici C\u2019est Cool&nbsp;\u00bb&nbsp;?<\/strong><\/p>\n\n\n\n<p><strong>Cindie&nbsp;: <\/strong>J\u2019adore les visuels avec ces corps nus recouverts d\u2019insultes. Je trouve cette campagne vraiment g\u00e9niale, jolie visuellement et tr\u00e8s impactante.<\/p>\n\n\n\n<p class=\"has-text-align-right\">Propos recueillis par <strong>Fabienne Jacobson<\/strong><\/p>\n","protected":false},"excerpt":{"rendered":"<p>\u00ab Nous souhaitons \u00e0 terme en faire un label de qualit\u00e9 en proposant des solutions concr\u00e8tes \u00e0 tous les professionnels sur les questions de s\u00e9curit\u00e9, d\u2019inclusion, de r\u00e9duction des risques et d\u2019\u00e9cologie et que chaque ann\u00e9e ils rajoutent une des propositions que leur faisons \u00bb Marion Delpech &#8211; (Act right)<\/p>\n","protected":false},"author":1,"featured_media":0,"comment_status":"closed","ping_status":"closed","sticky":false,"template":"","format":"standard","meta":[],"categories":[1],"tags":[],"_links":{"self":[{"href":"https:\/\/icicestcool.org\/index.php\/wp-json\/wp\/v2\/posts\/1920"}],"collection":[{"href":"https:\/\/icicestcool.org\/index.php\/wp-json\/wp\/v2\/posts"}],"about":[{"href":"https:\/\/icicestcool.org\/index.php\/wp-json\/wp\/v2\/types\/post"}],"author":[{"embeddable":true,"href":"https:\/\/icicestcool.org\/index.php\/wp-json\/wp\/v2\/users\/1"}],"replies":[{"embeddable":true,"href":"https:\/\/icicestcool.org\/index.php\/wp-json\/wp\/v2\/comments?post=1920"}],"version-history":[{"count":1,"href":"https:\/\/icicestcool.org\/index.php\/wp-json\/wp\/v2\/posts\/1920\/revisions"}],"predecessor-version":[{"id":1932,"href":"https:\/\/icicestcool.org\/index.php\/wp-json\/wp\/v2\/posts\/1920\/revisions\/1932"}],"wp:attachment":[{"href":"https:\/\/icicestcool.org\/index.php\/wp-json\/wp\/v2\/media?parent=1920"}],"wp:term":[{"taxonomy":"category","embeddable":true,"href":"https:\/\/icicestcool.org\/index.php\/wp-json\/wp\/v2\/categories?post=1920"},{"taxonomy":"post_tag","embeddable":true,"href":"https:\/\/icicestcool.org\/index.php\/wp-json\/wp\/v2\/tags?post=1920"}],"curies":[{"name":"wp","href":"https:\/\/api.w.org\/{rel}","templated":true}]}}