{"id":1966,"date":"2020-11-16T15:17:44","date_gmt":"2020-11-16T14:17:44","guid":{"rendered":"http:\/\/icicestcool.org\/?p=1966"},"modified":"2020-11-16T15:20:59","modified_gmt":"2020-11-16T14:20:59","slug":"le-tetris-une-smac-au-coeur-dun-projet-egalitaire-social-et-solidaire","status":"publish","type":"post","link":"https:\/\/icicestcool.org\/index.php\/2020\/11\/16\/le-tetris-une-smac-au-coeur-dun-projet-egalitaire-social-et-solidaire\/","title":{"rendered":"Le T\u00e9tris, une SMAC au c\u0153ur d&rsquo;un projet \u00e9galitaire, social et solidaire"},"content":{"rendered":"\n<p><em>\u00ab\u00a0Il traine toujours [dans la culture] un petit c\u00f4t\u00e9 hypocrite je trouve, sur certaines<br>discussions soci\u00e9tales : l\u2019\u00e9galit\u00e9 femmes-hommes, l\u2019\u00e9cologie, l\u2019ESS ou la quantit\u00e9 de<br>personnes racis\u00e9es dans les salles ou sur sc\u00e8ne. M\u00eame si la tendance se r\u00e9duit, il faudrait<br>pouvoir en discuter simplement, sans dogmatisme\u00a0\u00bb<\/em><\/p>\n\n\n\n<p class=\"has-text-align-right\">Franck Testaert (Papa&rsquo;s production)<\/p>\n\n\n\n<!--more-->\n\n\n\n<hr class=\"wp-block-separator\"\/>\n\n\n\n<p><strong><strong>Franck Testaert <\/strong><\/strong>dirige <a href=\"https:\/\/www.papasprod.com\/\"><em>Papa\u2019s production<\/em><\/a>, au Havre. L\u2019association g\u00e8re une salle, le Tetris\u00a0; un festival, le OuestPark\u00a0; et une radio, OuestTrack. Farouche d\u00e9fenseur de la culture pour toutes et tous, son parcours &#8211; singulier &#8211; l\u2019a men\u00e9 \u00e0 la t\u00eate d\u2019un projet engag\u00e9 et inclusif, qui porte les valeurs de l\u2019\u00e9conomie sociale et solidaire, mais surtout, qui les applique.Entretien.<\/p>\n\n\n\n<figure class=\"wp-block-image size-large\"><img loading=\"lazy\" width=\"683\" height=\"1024\" src=\"https:\/\/icicestcool.org\/wp-content\/uploads\/2020\/11\/Franck-Testaert-\u00a9Roger-Legrand-683x1024.jpg\" alt=\"\" class=\"wp-image-1968\" srcset=\"https:\/\/icicestcool.org\/wp-content\/uploads\/2020\/11\/Franck-Testaert-\u00a9Roger-Legrand-683x1024.jpg 683w, https:\/\/icicestcool.org\/wp-content\/uploads\/2020\/11\/Franck-Testaert-\u00a9Roger-Legrand-200x300.jpg 200w, https:\/\/icicestcool.org\/wp-content\/uploads\/2020\/11\/Franck-Testaert-\u00a9Roger-Legrand-768x1151.jpg 768w, https:\/\/icicestcool.org\/wp-content\/uploads\/2020\/11\/Franck-Testaert-\u00a9Roger-Legrand-1025x1536.jpg 1025w, https:\/\/icicestcool.org\/wp-content\/uploads\/2020\/11\/Franck-Testaert-\u00a9Roger-Legrand-1024x1534.jpg 1024w, https:\/\/icicestcool.org\/wp-content\/uploads\/2020\/11\/Franck-Testaert-\u00a9Roger-Legrand-721x1080.jpg 721w, https:\/\/icicestcool.org\/wp-content\/uploads\/2020\/11\/Franck-Testaert-\u00a9Roger-Legrand-400x599.jpg 400w, https:\/\/icicestcool.org\/wp-content\/uploads\/2020\/11\/Franck-Testaert-\u00a9Roger-Legrand.jpg 1334w\" sizes=\"(max-width: 683px) 100vw, 683px\" \/><\/figure>\n\n\n\n<p><strong><br>\u00c9tudes de sciences, musicien, cours Florent\u2026 Qui \u00eates-vous Franck Testaert ? Comment \u00eates-vous devenu directeur (engreneur\u00a0? J\u2019ai vu \u00e7a sur votre profil twitter\u00a0!) d\u2019une SMAC [sc\u00e8ne de musiques actuelles &#8211; ndlr]<\/strong><\/p>\n\n\n\n<p>(Rires) Engreneur&nbsp;! Disons que j\u2019ai quelques facilit\u00e9s \u00e0 atteindre mes buts. Je suis tenace&nbsp;!<\/p>\n\n\n\n<p>J\u2019ai toujours suivi mon instinct, sans pens\u00e9es carri\u00e9ristes. D\u2019ailleurs, les \u00e9volutions les plus importantes sont arriv\u00e9es de fa\u00e7on \u00e9trange au moment o\u00f9 j\u2019avais justement d\u00e9cid\u00e9 d\u2019arr\u00eater, ou de changer de cap. Le Tetris a vu le jour lors d\u2019une rencontre dans le bureau de Nicolas Pernot, \u00e0 la Direction G\u00e9n\u00e9rale des Services de la ville du Havre, suite \u00e0 un courrier dans lequel j\u2019expliquais que nous allions dissoudre l\u2019association.&nbsp;J\u2019\u00e9tais parti pour aller vivre au Canada ou en Tunisie.&nbsp;<\/p>\n\n\n\n<p><strong>Comment qualifieriez-vous la fili\u00e8re culturelle aujourd\u2019hui, en France&nbsp;? Ces adjectifs correspondent-ils \u00e0 votre vision de ce que doit-\u00eatre la culture&nbsp;? Si non, quelle est votre vision&nbsp;?<\/strong><\/p>\n\n\n\n<p>On pourrait en dire beaucoup de chose, mais pour avoir tourn\u00e9 plusieurs ann\u00e9es comme artiste dans des pays frontaliers, il faut bien reconnaitre que la France a son exception culturelle. Ce qui n\u2019emp\u00eache pas d\u2019avoir un regard critique. Je pense que la fili\u00e8re se remet en question en ce moment, sans vraiment trouver de r\u00e9ponses.&nbsp;Des questions de fond, de sens, de valeurs. Il traine toujours un petit c\u00f4t\u00e9 hypocrite je trouve, sur certaines discussions soci\u00e9tales : l\u2019\u00e9galit\u00e9 femmes-hommes, l\u2019\u00e9cologie ou la quantit\u00e9 de personnes racis\u00e9es dans les salles ou sur sc\u00e8ne. M\u00eame si la tendance est bonne, il faudrait pouvoir en discuter simplement, sans dogmatisme. En toute bienveillance, juste poser des faits et en parler.&nbsp;<\/p>\n\n\n\n<p><strong>En quoi le Tetris est-il un projet relevant de l\u2019\u00e9conomie sociale et solidaire (ESS)&nbsp;? Gestion participative, modularit\u00e9 du lieu\u2026 Ce sont des termes qui reviennent souvent dans la culture aujourd\u2019hui.&nbsp;<\/strong><\/p>\n\n\n\n<p>Nous nous sommes inspir\u00e9.e.s de lieux existants depuis encore plus longtemps : les squats autog\u00e9r\u00e9s en Suisse ou en France, des lieux comme La friche la belle de Mai ou Mains d\u2019\u0153uvres \u00e0 Paris. Et l\u2019exp\u00e9rience de notre squat au Havre (en 1995) nous a permis aussi de nous faire les dents sur ces questions-l\u00e0.&nbsp;Nous sommes aujourd\u2019hui en association, donc de fait dans l\u2019ESS, mais il est vrai que l\u2019on essaye d\u2019aller le plus loin possible dans les valeurs port\u00e9es par ce champ d\u2019activit\u00e9s&nbsp;: prise en compte de l\u2019humain, solidarit\u00e9, \u00e9galit\u00e9, \u00e9tude d\u2019impact \u00e9cologique et social&#8230; Je suis depuis quinze ans pr\u00e9sident d\u2019un groupement d\u2019employeurs culturels (<a href=\"http:\/\/www.bcbg-culture.com\/qui-sommes-nous\">BcBg<\/a> au Havre, par ailleurs le 1er en France, je suis trop fier) et \u00e7a me passionne.&nbsp;Quand on regarde les choses au&nbsp;travers de&nbsp;ce prisme de l\u2019ESS, rien ne doit \u00eatre laiss\u00e9 de c\u00f4t\u00e9. C\u2019est pourquoi j\u2019ai endoss\u00e9, il y a six mois, la responsabilit\u00e9 soci\u00e9tale et environnementale (RSE) de notre structure. Sur ce point, notre particularit\u00e9 fait notre force&nbsp;: nous sommes propri\u00e9taires du b\u00e2timent. Cela nous a permis de travailler en circuits courts avec les entreprises du Havre, et de penser \u00e9cologiquement le b\u00e2timent (panneaux solaires, r\u00e9cup\u00e9rations des eaux de pluie, etc.) Tout est dans tout et r\u00e9ciproquement, j\u2019ai envie de dire&nbsp;!<\/p>\n\n\n\n<p><strong>L\u2019\u00e9galit\u00e9 femmes-hommes, la lutte contre les discriminations que vous avez mentionn\u00e9es au d\u00e9but de cet entretien, ce sont des concepts inscrits dans l\u2019ADN du projet&nbsp;? Quid de la parit\u00e9 au sein du conseil d\u2019administration&nbsp;? De l\u2019\u00e9quipe&nbsp;?<\/strong><\/p>\n\n\n\n<p>La lecture du <a href=\"https:\/\/www.culture.gouv.fr\/Espace-documentation\/Rapports\/Mission-EgaliteS\">rapport de Reine Prat en 2010<\/a> m\u2019a laiss\u00e9 sans voix.&nbsp;Son \u00e9tude pose un constat : 89% des lieux culturels sont dirig\u00e9s par des hommes blancs de 50 ans et plus.&nbsp;\u00c0 partir de ce moment-l\u00e0, plus question de faire semblant. Donc oui, le conseil d\u2019administration est paritaire, ainsi que l\u2019\u00e9quipe. La programmation tend \u00e0 l\u2019\u00eatre, on compte syst\u00e9matiquement, mais nous avons du mal \u00e0 d\u00e9passer les 30% de projets f\u00e9minins. Cette exigence se d\u00e9cline sur le <a href=\"https:\/\/www.ouestpark.com\/\">OuestPark festival<\/a> et sur notre radio, <a href=\"https:\/\/ouest-track.com\/\">Ouest-track<\/a>, dont la programmation se veut r\u00e9gionale et \u00e9galitaire.<\/p>\n\n\n\n<p><strong>Quelles actions, dispositifs avez-vous mis en place pour lutter contre le sexisme au sein de votre structure&nbsp;?<\/strong><\/p>\n\n\n\n<p>Nous avons d\u00e9j\u00e0 \u00e9norm\u00e9ment discut\u00e9 entre nous, en int\u00e9grant le CA dans toutes les discussions. Nous avons aussi appris \u00e0 nous parler correctement, \u00e0 nous comprendre. Ensuite seulement, les choses se sont mises en place.&nbsp;Il faut que l\u2019\u00e9quipe soit \u00e0 l\u2019unisson avant de convaincre le public et \/ ou les artistes invit\u00e9.e.s. C\u2019est un vrai travail de fond. Il a aussi fallu convaincre certaines femmes qu\u2019elles \u00e9taient non seulement les bienvenues \u00e0 certains postes et qu\u2019elles \u00e9taient tout \u00e0 fait comp\u00e9tentes. On n\u2019imagine pas, avant de se pencher r\u00e9ellement et sinc\u00e8rement sur la question, \u00e0 quel point les femmes s\u2019autod\u00e9valuent voire s\u2019autocensurent. Tout derni\u00e8rement, nous avons inscrit un message sans \u00e9quivoque \u00e0 l\u2019entr\u00e9e du Tetris&nbsp;:<\/p>\n\n\n\n<p><br>BIENVENUE \u00e0 TOU.TE.S\u00a0<br>Les jeunes, les vieux et vieilles, <\/p>\n\n\n\n<p>Les grand.e.s, les petit.e.s,<\/p>\n\n\n\n<p>Les valides, les handicap\u00e9.e.s, <\/p>\n\n\n\n<p>Les h\u00e9t\u00e9ros, les homos, les bi, <\/p>\n\n\n\n<p>Les cisgenres, les transgenres, les non binaires, <\/p>\n\n\n\n<p>Les croyant.e.s, les ath\u00e9.e.s, <\/p>\n\n\n\n<p>Les fran\u00e7ais.e.s, les citoyen.ne.s du monde,<\/p>\n\n\n\n<p>Les migrant.e.s, les rouennai.se.s,<\/p>\n\n\n\n<p>Les avec enfant, les sans enfant,<\/p>\n\n\n\n<p>Les mamans voil\u00e9es, les papas \u00e0 casquettes,<\/p>\n\n\n\n<p>Les c\u00e9libataires, les \u00ab&nbsp;c\u2019est compliqu\u00e9&nbsp;\u00bb, les mari\u00e9s,<\/p>\n\n\n\n<p>Les militant.e.s, les apolitiques,<\/p>\n\n\n\n<p>Les v\u00e9g\u00e9tarien.ne.s, les v\u00e9g\u00e9talien.ne.s, les carnivores,<\/p>\n\n\n\n<p>Les normands conqu\u00e9rant.e.s, les pacifistes, &#8230;<\/p>\n\n\n\n<p>Toutes les personnes qui composent ce monde sont les bienvenues dans ce lieu de culture, de partage, de d\u00e9couverte et de rencontre ouvert \u00e0 toutes et \u00e0 tous.<\/p>\n\n\n\n<p><em>Acc\u00e8s interdit aux mains baladeuses et gestes d\u00e9plac\u00e9s, aux paroles insultantes, \u00e0 l\u2019incitation \u00e0 la haine, aux propos diffamatoires, et \u00e0 toute forme de discrimination.<\/em><\/p>\n\n\n\n<p><strong>Avez-vous rencontr\u00e9 des freins id\u00e9ologiques ? Financiers&nbsp;?<\/strong><\/p>\n\n\n\n<p>Financiers, jamais. Id\u00e9ologiques, tout le temps. Y compris de la part des femmes. Je dis \u00e7a aussi pour rassurer certains hommes. N\u2019aillez pas peur les gars, \u00e7a va bien se passer&nbsp;! &nbsp;<\/p>\n\n\n\n<p>Peut-\u00eatre que sur la programmation, la n\u00e9cessit\u00e9 de g\u00e9n\u00e9rer des recettes via la billetterie peut nous faire perdre de pr\u00e9cieux pourcentages en termes d\u2019\u00e9galit\u00e9&nbsp;: il y a encore trop peu de femmes \u00ab t\u00eates d\u2019affiche&nbsp;\u00bb dans le paysage fran\u00e7ais, malheureusement. Il faut que \u00e7a change.<\/p>\n\n\n\n<p><strong>Comment abordez-vous cette question dans le contexte actuel de crise sanitaire&nbsp;?<\/strong><\/p>\n\n\n\n<p>Nous avons profit\u00e9 de ce temps d\u2019arr\u00eat pour commencer une formation sur la question de l\u2019\u00e9galit\u00e9 avec <a href=\"https:\/\/plusegales.blogspot.com\/\"><em>Plus \u00c9gales<\/em><\/a> et C\u00e9cile Bonthonneau, gr\u00e2ce \u00e0 l\u2019aide financi\u00e8re d\u00e9di\u00e9e du Centre National de la Musique (CNM).<br>Nous r\u00e9digeons actuellement un dossier <em>Saison \u00e9galit\u00e9 2021<\/em> incluant programmation, formations, conf\u00e9rences et expositions. Le tout en tenant compte et en s\u2019appuyant sur les actions culturelles et la m\u00e9diation. Si ce machin Covid continue de venir nous butiner les orteils, on passera sur les r\u00e9seaux. Rien de tel que la r\u00e9silience.<br><br><strong>On associe plus facilement les festivals aux violences sexistes et sexuelles en milieu festif. Or, les SMAC sont aussi concern\u00e9es, la derni\u00e8re phrase de votre affiche le prouve. Quelles sont vos exp\u00e9riences en la mati\u00e8re&nbsp;?<\/strong> &nbsp;<\/p>\n\n\n\n<p>Un seul cas vraiment chaud en sept ans de Tetris, et aucune plainte sur le festival. Ce qui ne veut pas dire qu\u2019il n\u2019y a pas de probl\u00e8mes, mais que ces derniers sont plus difficiles \u00e0 identifier. J\u2019ai pris le sujet \u00e0 bras le corps d\u00e8s 2013, en commen\u00e7ant par faire adh\u00e9rer l\u2019association au <a href=\"http:\/\/hf-normandie.fr\/\">mouvement HF Normandie<\/a>. L\u2019\u00e9quipe est donc tr\u00e8s au fait et form\u00e9e \u00e0 cette probl\u00e9matique. Nous ne voulons rien laisser passer.&nbsp;<\/p>\n\n\n\n<p><strong>En g\u00e9n\u00e9ral mais particuli\u00e8rement en 2020, alors que les salles sont ferm\u00e9es et la culture mise \u00e0 mal, consid\u00e9rez-vous que le projet du T\u00e9tris et de Papa\u2019s production est militant&nbsp;? <\/strong><strong><br><\/strong>\u00catre militant en \u00e9tant ferm\u00e9, c\u2019est possible, mais c\u2019est tr\u00e8s dur. C\u2019est un vrai sujet, qui fait d\u2019ailleurs la couverture de&nbsp;<a href=\"https:\/\/www.socialter.fr\/kiosque\">Socialter de ce mois-ci<\/a>. Disons que c\u2019est un temps de remise en question, d\u2019approfondissement de nos pratiques. Nous avons une politique d\u2019accueil des migrants mineurs qui se poursuit&#8230; Pour le reste, on se pr\u00e9pare plut\u00f4t au monde d\u2019apr\u00e8s qui risque fortement de ressembler \u00e0 celui d\u2019avant, mais en pire. Il faut se pr\u00e9parer, le r\u00e9veil va \u00eatre violent, je pense.&nbsp;<br><br><strong>D\u2019o\u00f9 l\u2019int\u00e9r\u00eat d\u2019affirmer ses convictions, non&nbsp;?<\/strong><br>C\u2019est un choix politique. D\u2019autres y verront l\u2019occasion de se replier sur soi, nous avons fait celui de la mutualisation et du travail collectif, \u00ab&nbsp;pas d\u2019id\u00e9e sans \u00eatre deux !&nbsp;\u00bb&nbsp;(Fabulous troubadour).<\/p>\n\n\n\n<p class=\"has-text-align-right\">Propos recueillis par <strong>Agathe Petit<\/strong><\/p>\n","protected":false},"excerpt":{"rendered":"<p>\u00ab\u00a0Il traine toujours [dans la culture] un petit c\u00f4t\u00e9 hypocrite je trouve, sur certainesdiscussions soci\u00e9tales : l\u2019\u00e9galit\u00e9 femmes-hommes, l\u2019\u00e9cologie, l\u2019ESS ou la quantit\u00e9 depersonnes racis\u00e9es dans les salles ou sur sc\u00e8ne. M\u00eame si la tendance se r\u00e9duit, il faudraitpouvoir en discuter simplement, sans dogmatisme\u00a0\u00bb Franck Testaert (Papa&rsquo;s production)<\/p>\n","protected":false},"author":1,"featured_media":0,"comment_status":"closed","ping_status":"closed","sticky":false,"template":"","format":"standard","meta":[],"categories":[1],"tags":[],"_links":{"self":[{"href":"https:\/\/icicestcool.org\/index.php\/wp-json\/wp\/v2\/posts\/1966"}],"collection":[{"href":"https:\/\/icicestcool.org\/index.php\/wp-json\/wp\/v2\/posts"}],"about":[{"href":"https:\/\/icicestcool.org\/index.php\/wp-json\/wp\/v2\/types\/post"}],"author":[{"embeddable":true,"href":"https:\/\/icicestcool.org\/index.php\/wp-json\/wp\/v2\/users\/1"}],"replies":[{"embeddable":true,"href":"https:\/\/icicestcool.org\/index.php\/wp-json\/wp\/v2\/comments?post=1966"}],"version-history":[{"count":3,"href":"https:\/\/icicestcool.org\/index.php\/wp-json\/wp\/v2\/posts\/1966\/revisions"}],"predecessor-version":[{"id":1971,"href":"https:\/\/icicestcool.org\/index.php\/wp-json\/wp\/v2\/posts\/1966\/revisions\/1971"}],"wp:attachment":[{"href":"https:\/\/icicestcool.org\/index.php\/wp-json\/wp\/v2\/media?parent=1966"}],"wp:term":[{"taxonomy":"category","embeddable":true,"href":"https:\/\/icicestcool.org\/index.php\/wp-json\/wp\/v2\/categories?post=1966"},{"taxonomy":"post_tag","embeddable":true,"href":"https:\/\/icicestcool.org\/index.php\/wp-json\/wp\/v2\/tags?post=1966"}],"curies":[{"name":"wp","href":"https:\/\/api.w.org\/{rel}","templated":true}]}}