{"id":2997,"date":"2024-01-15T16:03:01","date_gmt":"2024-01-15T15:03:01","guid":{"rendered":"https:\/\/icicestcool.org\/?p=2997"},"modified":"2024-01-15T16:07:11","modified_gmt":"2024-01-15T15:07:11","slug":"developper-des-pratiques-ethiques-et-responsables-liees-a-laccueil-du-public","status":"publish","type":"post","link":"https:\/\/icicestcool.org\/index.php\/2024\/01\/15\/developper-des-pratiques-ethiques-et-responsables-liees-a-laccueil-du-public\/","title":{"rendered":"D\u00e9velopper des pratiques \u00e9thiques vis-\u00e0-vis du public des lieux musicaux"},"content":{"rendered":"\n<figure class=\"wp-block-image size-full is-style-default\"><img loading=\"lazy\" width=\"405\" height=\"341\" src=\"https:\/\/icicestcool.org\/wp-content\/uploads\/2024\/01\/blagues.jpg\" alt=\"\" class=\"wp-image-3000\" srcset=\"https:\/\/icicestcool.org\/wp-content\/uploads\/2024\/01\/blagues.jpg 405w, https:\/\/icicestcool.org\/wp-content\/uploads\/2024\/01\/blagues-300x253.jpg 300w, https:\/\/icicestcool.org\/wp-content\/uploads\/2024\/01\/blagues-400x337.jpg 400w\" sizes=\"(max-width: 405px) 100vw, 405px\" \/><\/figure>\n\n\n\n<p><strong>En janvier 2023, un groupe de travail du P\u00f4le de coop\u00e9ration pour la fili\u00e8re musicale en Pays de la Loire s\u2019est constitu\u00e9 afin de poursuivre le travail entam\u00e9 \u00e0 travers la campagne \u00ab\u00a0Ici C&rsquo;est Cool\u00a0\u00bb en r\u00e9gion, dans la perspective de r\u00e9fl\u00e9chir \u00e0 la mani\u00e8re d&rsquo;\u00e9tendre la pr\u00e9vention aux th\u00e9matiques de r\u00e9duction des risques et de promotion de la sant\u00e9, et ceci dans tous les lieux musicaux.<\/strong><\/p>\n\n\n\n<p>Les \u00e9v\u00e9nements festifs tels que les concerts et les festivals permettent \u00e0 chacun de repousser ses limites, de vivre des exp\u00e9riences intenses, mais ces espaces peuvent \u00e9galement entra\u00eener des comportements \u00e0 risque tels que la consommation excessive d&rsquo;alcool et de substances psychoactives, la conduite en \u00e9tat d&rsquo;ivresse ou sous l&rsquo;influence de stup\u00e9fiants, les relations sexuelles non prot\u00e9g\u00e9es, les risques auditifs li\u00e9s \u00e0 une exposition prolong\u00e9e \u00e0 des sources sonores, ainsi que les agressions, les discriminations et les violences sexistes et sexuelles.<\/p>\n\n\n\n<p>Il incombe aux organisateurs de ces \u00e9v\u00e9nements de pr\u00e9venir et de r\u00e9duire les risques associ\u00e9s. Ce nouveau groupe de travail s\u2019est donc fix\u00e9 pour objectifs d\u2019agir en faveur de la r\u00e9duction des risques, de la pr\u00e9vention et le d\u00e9veloppement de pratiques \u00e9thiques et responsables.<\/p>\n\n\n\n<p>Il s\u2019est agi rapidement pour les membres de ce GT de dresser un panorama des initiatives existantes sur les enjeux li\u00e9s \u00e0 l&rsquo;accueil du public dans les salles, les festivals et les lieux de pratique musicale&nbsp;: r\u00e9duction des risques, communication autour de la pr\u00e9vention, accessibilit\u00e9, \u00e9galit\u00e9, etc\u2026<\/p>\n\n\n\n<p>Une premi\u00e8re feuille de route a \u00e9t\u00e9 \u00e9tablie avec deux axes prioritaires : la cr\u00e9ation d&rsquo;une charte \u00e9thique commune destin\u00e9e au public et la cr\u00e9ation d&rsquo;une trousse de pr\u00e9vention mutualis\u00e9e regroupant des supports de communication communs, du mat\u00e9riel de pr\u00e9vention et de r\u00e9duction des risques pour la r\u00e9gion des Pays de la Loire. Dans le cadre de ce 2<sup>e<\/sup> axe, le GT a travaill\u00e9 une nouvelle campagne de communication en prolongement de la campagne Ici, c\u2019est cool existante. Cette nouvelle campagne a \u00e9t\u00e9 exp\u00e9riment\u00e9e durant l\u2019ann\u00e9e 2023 sur plusieurs lieux du d\u00e9partement de Loire-Atlantique.<\/p>\n\n\n\n<p><strong>Vous pouvez retrouver cette campagne exp\u00e9rimentale <a href=\"https:\/\/drive.google.com\/file\/d\/1OdVd3GxEwW0yJbw0lrRxC-673JDEALur\/view?usp=sharing\" data-type=\"URL\" data-id=\"https:\/\/drive.google.com\/file\/d\/1OdVd3GxEwW0yJbw0lrRxC-673JDEALur\/view?usp=sharing\" target=\"_blank\" rel=\"noreferrer noopener\">ici&nbsp;!<\/a><\/strong><\/p>\n","protected":false},"excerpt":{"rendered":"<p>En janvier 2023, un groupe de travail du P\u00f4le de coop\u00e9ration pour la fili\u00e8re musicale en Pays de la Loire s\u2019est constitu\u00e9 afin de poursuivre le travail entam\u00e9 \u00e0 travers la campagne \u00ab\u00a0Ici C&rsquo;est Cool\u00a0\u00bb en r\u00e9gion, dans la perspective de r\u00e9fl\u00e9chir \u00e0 la mani\u00e8re d&rsquo;\u00e9tendre la pr\u00e9vention aux th\u00e9matiques de r\u00e9duction des risques et&hellip; <br \/> <a class=\"read-more\" href=\"https:\/\/icicestcool.org\/index.php\/2024\/01\/15\/developper-des-pratiques-ethiques-et-responsables-liees-a-laccueil-du-public\/\">Lire la suite<\/a><\/p>\n","protected":false},"author":1,"featured_media":0,"comment_status":"closed","ping_status":"closed","sticky":false,"template":"","format":"standard","meta":[],"categories":[1],"tags":[],"_links":{"self":[{"href":"https:\/\/icicestcool.org\/index.php\/wp-json\/wp\/v2\/posts\/2997"}],"collection":[{"href":"https:\/\/icicestcool.org\/index.php\/wp-json\/wp\/v2\/posts"}],"about":[{"href":"https:\/\/icicestcool.org\/index.php\/wp-json\/wp\/v2\/types\/post"}],"author":[{"embeddable":true,"href":"https:\/\/icicestcool.org\/index.php\/wp-json\/wp\/v2\/users\/1"}],"replies":[{"embeddable":true,"href":"https:\/\/icicestcool.org\/index.php\/wp-json\/wp\/v2\/comments?post=2997"}],"version-history":[{"count":4,"href":"https:\/\/icicestcool.org\/index.php\/wp-json\/wp\/v2\/posts\/2997\/revisions"}],"predecessor-version":[{"id":3004,"href":"https:\/\/icicestcool.org\/index.php\/wp-json\/wp\/v2\/posts\/2997\/revisions\/3004"}],"wp:attachment":[{"href":"https:\/\/icicestcool.org\/index.php\/wp-json\/wp\/v2\/media?parent=2997"}],"wp:term":[{"taxonomy":"category","embeddable":true,"href":"https:\/\/icicestcool.org\/index.php\/wp-json\/wp\/v2\/categories?post=2997"},{"taxonomy":"post_tag","embeddable":true,"href":"https:\/\/icicestcool.org\/index.php\/wp-json\/wp\/v2\/tags?post=2997"}],"curies":[{"name":"wp","href":"https:\/\/api.w.org\/{rel}","templated":true}]}}